{"id":173,"date":"2019-08-21T16:30:33","date_gmt":"2019-08-21T08:30:33","guid":{"rendered":"http:\/\/www.eriqua.com\/?p=173"},"modified":"2020-10-29T10:03:38","modified_gmt":"2020-10-29T02:03:38","slug":"divampare","status":"publish","type":"post","link":"https:\/\/www.eriqua.com\/index.php\/2019\/08\/21\/divampare\/","title":{"rendered":"\u610f\u8bed\u8bcd\u6c47\u7b14\u8bb01 | divampare"},"content":{"rendered":"\n<p><em><span style=\"color:#888888\" class=\"tadv-color\">Secondo le prime informazioni l&#8217;incendio sarebbe<\/span> <\/em><span style=\"color:#ff8a80\" class=\"tadv-color\"><strong><em>divampato<\/em><\/strong><\/span><em> <span style=\"color:#888888\" class=\"tadv-color\">da un&#8217;autocisterna che in quel momento stava scaricando del carburante, e che per cause ancora da accertare ha preso improvvisamente fuoco. | Repubblica<\/span><\/em><\/p>\n\n\n\n<p style=\"color:#888888;text-align:left\" class=\"has-text-color\">\u636e\u6700\u65b0\u6d88\u606f\uff0c\u706b\u707e\u5f88\u53ef\u80fd\u662f\u7531\u4e00\u8f86\u6cb9\u7f50\u8f66\u5f15\u8d77\u7684\uff0c\u5f53\u65f6\u8fd9\u8f86\u8f66\u6b63\u5728\u5378\u6cb9\uff0c\u5177\u4f53\u8d77\u706b\u539f\u56e0\u8fd8\u5f85\u786e\u8ba4\u3002<\/p>\n\n\n\n<div style=\"height:20px\" aria-hidden=\"true\" class=\"wp-block-spacer\"><\/div>\n\n\n\n<p style=\"text-align:left\">\u8fd9\u91cc\u7528\u4e86divampare (v.tr.) \u7684\u6761\u4ef6\u5f0f\u88ab\u52a8\u8bed\u6001\uff0c\u8868\u793a\u53ef\u80fd\u6027\u3002\u5176\u4e49\u662f\u71c3\u70e7 (bruciare)\uff0c\uff0c\u7528\u4e8e\u4e66\u9762\u8bed\u3002\u5b83\u4f5c\u53ca\u7269\u52a8\u8bcd\u65f6\u4e5f\u53ef\u4ee5\u8868\u793a\u62bd\u8c61\u610f\u4e49\u7684\u201c\u71c3\u70e7\u201d\u3002<\/p>\n\n\n\n<p>divampare\u4e5f\u7528\u4f5c\u4e0d\u53ca\u7269\u52a8\u8bcd (aus.essere)\uff0c\u8868\u793a\u2460\u7a81\u7136\u7684\u3001\u5267\u70c8\u7684\u71c3\u70e7\uff0c\u5982incendio\uff08\u706b\u7130\uff09\uff5e\uff1b\u53c8\u5f15\u7533\u4e3a\u62bd\u8c61\u610f\u4e49\u7684\u2461\u60c5\u7eea\u7684\u7206\u53d1\uff1a~ d&#8217;odio\uff08\u538c\u6076\uff09\/~ d&#8217;ira\uff08\u6012\u706b\uff09\uff1b\u6216\u2462\u66b4\u529b\u4e8b\u4ef6\u7684\u7206\u53d1\uff1arivolta\uff08\u9769\u547d\uff09 ~\/ battaglia\uff08\u6218\u4e89\uff09 ~\uff0c\u4f8b\u5982\uff1a<\/p>\n\n\n\n<div style=\"height:20px\" aria-hidden=\"true\" class=\"wp-block-spacer\"><\/div>\n\n\n\n<p><em><span style=\"color:#888888\" class=\"tadv-color\">Le immagini della polizia che tiene in ginocchio 146 studenti del liceo Saint-Exupery alla periferia di Parigi fanno<\/span> <\/em><span style=\"color:#ff8a80\" class=\"tadv-color\"><strong><em>divampare<\/em><\/strong><\/span><em> <span style=\"color:#888888\" class=\"tadv-color\">la polemica per l&#8217;eccesso di violenza nei loro confronti. I ragazzi erano stati arrestati dopo gli scontri durante i quali un paio di auto erano state incendiate. | Panorama<\/span><\/em><\/p>\n\n\n\n<p style=\"color:#888888\" class=\"has-text-color\">\u5df4\u9ece\u5e02\u90ca\u7684\u5723\u827e\u514b\u82cf\u4f69\u91cc\u9ad8\u4e2d146\u4e2a\u5b66\u751f\u88ab\u8b66\u65b9\u902e\u6355\uff0c\u4ed6\u4eec\uff08\u5728\u53cd\u5bf9\u6559\u80b2\u5236\u5ea6\u6539\u9769\u7684\u6297\u8bae\u4e2d\uff09\u548c\u8b66\u65b9\u7206\u53d1\u51b2\u7a81\uff0c\u5e76\u70e7\u6bc1\u4e24\u8f86\u6c7d\u8f66\u3002\u76f8\u5173\u89c6\u9891\u5f15\u53d1\u4e86\u5de8\u5927\u4e89\u8bae\uff0c\u753b\u9762\u4e2d\uff0c\u6cd5\u56fd\u8b66\u65b9\u8ba9\u5b66\u751f\u4eec\u4e0b\u8dea\uff0c\u88ab\u6279\u8bc4\u8fc7\u5ea6\u4f7f\u7528\u66b4\u529b\u3002 <\/p>\n\n\n\n<div style=\"height:20px\" aria-hidden=\"true\" class=\"wp-block-spacer\"><\/div>\n\n\n\n<p>\u4ece\u8bcd\u6e90\u4e0a\u770b\uff0cdivampare\u7531\u524d\u7f00di-\u548c\u540d\u8bcdvampa\uff08s.f. \u70c8\u706b\uff09\u7ec4\u6210\u3002\u8fd9\u79cd\u9020\u8bcd\u6cd5\u79f0\u4e3a\u53cc\u91cd\u9020\u5b57\u6cd5 (parasinteto)\uff0c\u4e5f\u5c31\u662f\u540d\u8bcd\uff0b\u524d\uff08\u540e\uff09\u7f00\u3002<\/p>\n\n\n\n<p style=\"text-align:left\">\u5728\u610f\u5927\u5229\u8bed\u4e2d\uff0cdi-\u7ecf\u5e38\u52a0\u5728\u5f62\u5bb9\u8bcd\u6216\u8005\u540d\u8bcd\u524d\u9762\uff0c\u6765\u6784\u6210\u52a8\u8bcd\u3002\u6bd4\u5982dimagrire\uff08v.intr. \u51cf\u80a5\uff09, \u7531di-\u548cmagro (agg. \u7626\u7684) \u6784\u6210\u3002<\/p>\n\n\n\n<p style=\"text-align:left\">vampa\u7684\u53e4\u4ee3\u5f62\u5f0f\u662fvampore\uff0c\u6765\u81ea\u62c9\u4e01\u8bed\u7684vapor\uff08\u70ed\u6c7d\uff09\u65ad\u6389\u672b\u5c3e\u8f85\u97f3r\u5e76\u52a0\u4e0a\u9f3b\u97f3m\u3002\u8fd8\u6709\u4e00\u4e2a\u9633\u6027\u5f62\u5f0f\u7684vampo\uff0c\u4e3b\u8981\u7528\u4e8e\u77ed\u8bedmenar vampo\uff0c\u610f\u4e3a\u52c3\u7136\u5927\u6012\u3002<\/p>\n\n\n\n<p>\u610f\u5927\u5229\u672a\u6765\u4e3b\u4e49\u4ee3\u8868\u4eba\u7269\u9a6c\u91cc\u5185\u8482\uff0c\u4e8e1914\u53d1\u8868\u4e00\u9996\u672a\u6765\u4e3b\u4e49\u8bd7\u6b4c\uff08\u547d\u540d\u4e3aParole in libert\u00e0\u7684\u6587\u5b66\u4f53\u88c1\uff09\u300a\u963f\u5fb7\u91cc\u5b89\u5821\u7684\u8f70\u70b8\u300b (<em>Bombardamento di Adrianopoli<\/em>, o <em>Zang Tumb Tumb<\/em>)\uff0c\u63cf\u8ff0\u4e86\u7b2c\u4e00\u6b21\u5df4\u5c14\u5e72\u6218\u4e89\u4e2d\u7684\u963f\u5fb7\u91cc\u5b89\u5821\u6218\u5f79(1912-1913)\uff0c\u91cc\u9762\u4fbf\u591a\u6b21\u7528\u4e86vampa\u8fd9\u4e2a\u8bcd\uff1a<\/p>\n\n\n\n<p style=\"color:#888888;text-align:center\" class=\"has-text-color\"><em> [\u2026] E vampe vampe vampe vampe vampe vampe (ribalta dei forti)<br> vampe vampe<br> vampe<br> vampe vampe vampe (ribalta dei forti) laggi\u00f9 dietro quel fumo Sciukri Pasci\u00e0 comunica telefonicamente con 27 forti in turco in tedesco all\u00f2! Ibrahim! Rudolf! all\u00f2 all\u00f2! [\u2026] <\/em><\/p>\n\n\n\n<div style=\"height:20px\" aria-hidden=\"true\" class=\"wp-block-spacer\"><\/div>\n\n\n\n<p> \u3010\u540c\u6839\u8bcd\u3011<br> vampeggiare v.intr. \u5192\u51fa\u706b\u7130<br> avvampare v.intr. (essere) \u71c3\u70e7\uff1b\u6620\u7ea2\uff0c\u8138\u7ea2<br> svampare v.intr.\uff08\u706b\u3001\u70ed\u6c14\u7b49\uff09\u5192\u51fa (essere)\uff1b\uff08\u6012\u6c14\u3001\u70ed\u60c5\u7b49\uff09\u6d88\u51cf (avere)<br> vampata s.f. \u70bd\u70c8\u8fc5\u731b\u7684vampa<br> vampante agg. \u5192\u706b\u7684\uff0c\u71c3\u70e7\u7684 <\/p>\n\n\n\n<div style=\"height:20px\" aria-hidden=\"true\" class=\"wp-block-spacer\"><\/div>\n\n\n\n<p> \u3010\u53c2\u8003\u8d44\u6599\u3011<br> \u610f\u6c49\u6c49\u610f\u8bcd\u5178 | Zingarelli 2010 | Zanichelli italiano<a> | <\/a>Etimo.it <\/p>\n","protected":false},"excerpt":{"rendered":"<p>Secondo le prime informazioni l&#8217;incendio sarebbe  [&hellip;]<\/p>\n","protected":false},"author":1,"featured_media":0,"comment_status":"open","ping_status":"closed","sticky":false,"template":"","format":"standard","meta":{"footnotes":""},"categories":[1],"tags":[],"_links":{"self":[{"href":"https:\/\/www.eriqua.com\/index.php\/wp-json\/wp\/v2\/posts\/173"}],"collection":[{"href":"https:\/\/www.eriqua.com\/index.php\/wp-json\/wp\/v2\/posts"}],"about":[{"href":"https:\/\/www.eriqua.com\/index.php\/wp-json\/wp\/v2\/types\/post"}],"author":[{"embeddable":true,"href":"https:\/\/www.eriqua.com\/index.php\/wp-json\/wp\/v2\/users\/1"}],"replies":[{"embeddable":true,"href":"https:\/\/www.eriqua.com\/index.php\/wp-json\/wp\/v2\/comments?post=173"}],"version-history":[{"count":0,"href":"https:\/\/www.eriqua.com\/index.php\/wp-json\/wp\/v2\/posts\/173\/revisions"}],"wp:attachment":[{"href":"https:\/\/www.eriqua.com\/index.php\/wp-json\/wp\/v2\/media?parent=173"}],"wp:term":[{"taxonomy":"category","embeddable":true,"href":"https:\/\/www.eriqua.com\/index.php\/wp-json\/wp\/v2\/categories?post=173"},{"taxonomy":"post_tag","embeddable":true,"href":"https:\/\/www.eriqua.com\/index.php\/wp-json\/wp\/v2\/tags?post=173"}],"curies":[{"name":"wp","href":"https:\/\/api.w.org\/{rel}","templated":true}]}}