{"id":903,"date":"2020-08-07T23:13:51","date_gmt":"2020-08-07T15:13:51","guid":{"rendered":"https:\/\/www.eriqua.com\/?p=903"},"modified":"2020-10-28T19:37:34","modified_gmt":"2020-10-28T11:37:34","slug":"da-chicco-a-chicco","status":"publish","type":"post","link":"https:\/\/www.eriqua.com\/index.php\/2020\/08\/07\/da-chicco-a-chicco\/","title":{"rendered":"\u610f\u8bed\u8bcd\u6c47\u7b14\u8bb027 | \u5496\u5561-\u5927\u7c73\u5faa\u73af\u7ecf\u6d4e"},"content":{"rendered":"\n<p class=\"has-background has-very-light-gray-background-color\">Da Chicco a Chicco \u00e8 il nome scelto per questa iniziativa che consente di recuperare e destinare a seconda vita le capsule di caff\u00e8. Un esempio di economia circolare nato nel 2011 e che, dalla creazione al 2019, ha visto i consumatori conferire nei punti di raccolta 4.607 tonnellate di capsule per un totale di 1.772 tonnellate di caff\u00e8 esausto recuperate. In questo modo una tazzina di caff\u00e8 non \u00e8 solo un momento di piacere, ma diventa un modo per<strong> ripristinare<\/strong> e<strong> rinvigorire<\/strong> le risorse dell\u2019ambiente e delle comunit\u00e0. Di pi\u00f9, garantisce la sostenibilit\u00e0 in ogni fase del processo produttivo a partire dai paesi in cui il chicco di caff\u00e8 viene prodotto (grazie al sostegno agli agricoltori) fino a quelli in cui viene trasformato&#8230; in riso. | Repubblica<sup>[1]<\/sup><\/p>\n\n\n\n<p>\u8bd1\uff1a\u201c\u4ece\u5496\u5561\u8c46\u5230\u7c73\u7c92\u201d\u662f\u8fd9\u9879\u5021\u8bae\u7684\u540d\u79f0\uff0c\u8be5\u9879\u76ee\u652f\u6301\u5bf9\u5496\u5561\u80f6\u56ca\u7684\u56de\u6536\u4e0e\u518d\u5229\u7528\u3002\u4f5c\u4e3a\u4e00\u9879\u5faa\u73af\u7ecf\u6d4e\u6848\u4f8b\uff0c\u81ea2011\u5e74\u521b\u59cb\u521d\u81f32019\u5e74\uff0c\u5176\u56de\u6536\u70b9\u5df2\u4ece\u6d88\u8d39\u8005\u5904\u6536\u96c6\u52304607\u5428\u80f6\u56ca\uff0c\u5171\u8ba11772\u5428\u5496\u5561\u6e23\u3002\u7531\u6b64\uff0c\u559d\u5496\u5561\u4e0d\u518d\u4ec5\u4ec5\u662f\u4eab\u5473\u65f6\u523b\uff0c\u66f4\u6210\u4e3a\u73af\u5883\u3001\u793e\u4f1a\u8d44\u6e90\u518d\u4fee\u590d\u548c\u518d\u5229\u7528\u7684\u4e00\u79cd\u65b9\u5f0f\u3002\u4e0d\u4ec5\u5982\u6b64\uff0c\u4ece\u751f\u4ea7\u5496\u5561\u8c46\u7684\u56fd\u5bb6\uff08\u611f\u8c22\u519c\u6c11\u7684\u652f\u6301\uff09\u5230\u5c06\u5b83\u4eec\u201c\u53d8\u6210\u201d\u5927\u7c73\u7684\u56fd\u5bb6\uff0c\u4fdd\u969c\u4e86\u6574\u4e2a\u751f\u4ea7\u8fc7\u7a0b\u7684\u53ef\u6301\u7eed\u6027\u3002<\/p>\n\n\n\n<div style=\"height:20px\" aria-hidden=\"true\" class=\"wp-block-spacer\"><\/div>\n\n\n\n<p><strong>1. ripristinare v.tr. \u6062\u590d\uff0c\u91cd\u5efa\uff0c\u4fee\u590d<\/strong><\/p>\n\n\n\n<p>\u6bd4\u5982\u8bf4\uff1a~ una linea ferroviaria \u6062\u590d\u94c1\u8def\u8fd0\u884c\uff0c ~ un edificio\u4fee\u590d\u4e00\u680b\u5efa\u7b51\uff0c~ l\u2019ordine\u91cd\u5efa\u79e9\u5e8f\u3002<\/p>\n\n\n\n<p class=\"has-background has-very-light-gray-background-color\">Il ministro della Salute Roberto Speranza obbliga con un&#8217;ordinanza le compagnie ferroviarie a fare un passo indietro. E a <strong>ripristinare<\/strong> il distanziamento interpersonale di almeno un metro&#8230;| Repubblica<sup>[2]<\/sup><br>\u536b\u751f\u90e8\u957f\u7f57\u4f2f\u6258\u00b7\u65af\u4f69\u5170\u624e\u8d23\u6210\u94c1\u8def\u516c\u53f8\u6062\u590d\u81f3\u5c11\u4e00\u7c73\u7684\u4eba\u9645\u8ddd\u79bb&#8230;<\/p>\n\n\n\n<p>\u4ece\u6784\u8bcd\u4e0a\u770b\uff0c\u7531\u524d\u7f00ri-\u548c\u5f62\u5bb9\u8bcdpristino\u7ec4\u6210\u3002<\/p>\n\n\n\n<p>ri-\u8fd9\u4e2a\u524d\u7f00\u5f88\u5e38\u89c1\u4e86\uff0c\u5728\u8fd9\u91cc\u662f\u201c\u518d\u3001\u53c8\u3001\u91cd\u590d\u201d\u7684\u610f\u601d\u3002\u5982\uff1arimettere\u653e\u56de\uff0criaprire\u91cd\u65b0\u5f00\u653e\uff0cripensare\u518d\u60f3\uff0critrovare \u518d\u76f8\u9047\uff0c\u7b49\u7b49\u3002\u540c\u6837\u7684\u8fd8\u6709\u524d\u7f00re-\uff0c\u4f8b\u5982\uff1areiterare\u91cd\u7533\uff0crecuperare\uff08\u6216ricuperare\uff09\u6062\u590d\u3002<\/p>\n\n\n\n<p>\u524d\u7f00ri-\u548cre-\u8fd8\u53ef\u4ee5\u8868\u8fbe\u201c\u76f8\u53cd\u201d\u610f\u4e49\u3002\u5982\uff1aritirare\u6536\u56de\u3001\u64a4\u9500\uff0creagire\u53cd\u6297\u3002<\/p>\n\n\n\n<p>pristino agg. \u5148\u524d\u7684\u3001\u6700\u521d\u7684\uff0c\u7528\u4f5c\u4e66\u9762\u8bed\uff0c\u5982\uff1a~ stato \u5148\u524d\u7684\u72b6\u6001\u3002\u6765\u81ea\u62c9\u4e01\u8bed<em>pristinu(m)<\/em> \u3002\u8bcd\u6839pri-\u8868\u793a\u201c\u7b2c\u4e00\u3001\u9996\u8981\u7684\u201d\uff0c\u6bd4\u5982\uff1apriorit\u00e0\u4f18\u5148\u6743\uff0cpriore\u7537\u4fee\u9053\u9662\u9662\u957f\u3002<\/p>\n\n\n\n<div style=\"height:20px\" aria-hidden=\"true\" class=\"wp-block-spacer\"><\/div>\n\n\n\n<p><strong>2. rinvigorire v.tr. (-isco..) \u4f7f\u6062\u590d\u7cbe\u529b\uff0c\u4f7f\u91cd\u73b0\u6d3b\u529b<\/strong><\/p>\n\n\n\n<p>\u4f8b\u5982\uff1a~ il corpo\u5f3a\u8eab\u5065\u4f53\uff0c~ la speranza \u91cd\u71c3\u5e0c\u671b\u3002<\/p>\n\n\n\n<p class=\"has-background has-very-light-gray-background-color\">Sar\u00e0 <strong>rinvigorito<\/strong> nuovamente nella stagione invernale, quando il freddo ricomincer\u00e0 a produrre il suo effetto promuovente. | Fanpage<sup>[3]<\/sup><br>\u51ac\u5b63\u7684\u5bd2\u51b7\u5929\u6c14\u5c06\u4f7f\u5f97\uff08\u75ab\u60c5\uff09\u518d\u6b21\u52a0\u91cd\u3002<\/p>\n\n\n\n<p>\u4ece\u8bcd\u6e90\u4e0a\u770b\uff0c\u7531ri-\u548cinvigorire\u6784\u6210\u3002<\/p>\n\n\n\n<p>ri-\u548c\u4e0a\u9762\u7684\u5355\u8bcd\u4e00\u6837\uff0c\u8868\u793a<a>\u201c<\/a>\u518d\u6b21\u201d\u3002<\/p>\n\n\n\n<p>invigorire v.tr. \u589e\u5f3a\uff0c\u7531in-\u548cvigore\u6784\u6210\u3002\u5728\u8fd9\u91cc\uff0c\u524d\u7f00in-\uff08\u6216im-\uff09\u7528\u4e8e\u548c\u540d\u8bcd\u6216\u5f62\u5bb9\u8bcd\u6784\u6210\u52a8\u8bcd\uff0c\u5982\uff1afiamma\u706b-infiammare\u70b9\u71c3\uff0camore\u7231-innamorare\u7231\u4e0a\uff0cbuca\u6d1e-imbucare\u6295\u5165\uff0ccatena\u94fe\u6761-incatenare\u675f\u7f1a\uff1btenero\u67d4\u8f6f\u7684-intenerire\u4f7f\u53d8\u67d4\u8f6f\uff0carido\u5e72\u71e5\u7684-inaridire\u4f7f\u67af\u7aed\u3002vigore s.m. \u7cbe\u529b\u3001\u529b\u91cf\uff0c\u6765\u81ea\u4e0d\u53ca\u7269\u52a8\u8bcdvigere\u201c\u751f\u6548\u201d\u3002<\/p>\n\n\n\n<div style=\"height:20px\" aria-hidden=\"true\" class=\"wp-block-spacer\"><\/div>\n\n\n\n<p class=\"has-text-color has-small-font-size has-cyan-bluish-gray-color\">\u6765\u6e90\uff1a<br>[1]https:\/\/lab.gedidigital.it\/repubblica\/2020\/ambiente\/il-chicco-di-caffe-che-divenne-riso\/?ref=RHPPTP-BS-I0-C6-P17-S1.6-T1<br>[2]https:\/\/www.repubblica.it\/politica\/2020\/08\/01\/news\/fase_3_treni_distanziamento-263433249\/<br>[3]https:\/\/www.fanpage.it\/attualita\/virologo-caruso-il-coronavirus-sta-perdendo-forza-con-caldo-e-mascherine-ma-ritornera\/<br>\u53c2\u8003\u8bcd\u5178\uff1a\u610f\u6c49\u6c49\u610f\u8bcd\u5178 | Zingarelli | Treccani<\/p>\n","protected":false},"excerpt":{"rendered":"<p>Da Chicco a Chicco \u00e8 il nome scelto per questa iniziati [&hellip;]<\/p>\n","protected":false},"author":1,"featured_media":0,"comment_status":"open","ping_status":"closed","sticky":false,"template":"","format":"standard","meta":{"footnotes":""},"categories":[1],"tags":[],"_links":{"self":[{"href":"https:\/\/www.eriqua.com\/index.php\/wp-json\/wp\/v2\/posts\/903"}],"collection":[{"href":"https:\/\/www.eriqua.com\/index.php\/wp-json\/wp\/v2\/posts"}],"about":[{"href":"https:\/\/www.eriqua.com\/index.php\/wp-json\/wp\/v2\/types\/post"}],"author":[{"embeddable":true,"href":"https:\/\/www.eriqua.com\/index.php\/wp-json\/wp\/v2\/users\/1"}],"replies":[{"embeddable":true,"href":"https:\/\/www.eriqua.com\/index.php\/wp-json\/wp\/v2\/comments?post=903"}],"version-history":[{"count":0,"href":"https:\/\/www.eriqua.com\/index.php\/wp-json\/wp\/v2\/posts\/903\/revisions"}],"wp:attachment":[{"href":"https:\/\/www.eriqua.com\/index.php\/wp-json\/wp\/v2\/media?parent=903"}],"wp:term":[{"taxonomy":"category","embeddable":true,"href":"https:\/\/www.eriqua.com\/index.php\/wp-json\/wp\/v2\/categories?post=903"},{"taxonomy":"post_tag","embeddable":true,"href":"https:\/\/www.eriqua.com\/index.php\/wp-json\/wp\/v2\/tags?post=903"}],"curies":[{"name":"wp","href":"https:\/\/api.w.org\/{rel}","templated":true}]}}